{"id":43611,"date":"2026-03-12T15:34:34","date_gmt":"2026-03-12T14:34:34","guid":{"rendered":"https:\/\/www.ansoain.es\/?post_type=noticias&#038;p=43611"},"modified":"2026-03-12T15:44:16","modified_gmt":"2026-03-12T14:44:16","slug":"komikiboom-komikiaren-fanzinearen-eta-kultura-grafikoaren-astea","status":"publish","type":"noticias","link":"http:\/\/www.ansoain.es\/eu\/noticias\/komikiboom-komikiaren-fanzinearen-eta-kultura-grafikoaren-astea\/","title":{"rendered":"KomikiBoom: komikiaren, fanzinearen eta kultura grafikoaren astea"},"content":{"rendered":"<p style=\"font-weight: 400;\">Antsoainen eginen da <strong>martxoaren 20tik 28ra <a href=\"https:\/\/www.komikiboom.org\">KomikiBoom<\/a> jaialdiaren zazpigarren edizioa<\/strong>. Jaialdiak berriro ere <strong>komikiaren, fanzinearen eta autoedizioaren munduko sortzaileak eta kolektiboak<\/strong> bilduko ditu, aurkezpenak, tailerrak, zinema-emanaldiak, egileekin topaketak eta jarduera gastronomikoak uztartzen dituen egitarauarekin, herriko hainbat gunetan.<\/p>\n<p style=\"font-weight: 400;\">Aurtengo kartela <strong>Mar\u00eda Mart\u00ednez Nicol\u00e1s \u201cGalleta Maria\u201d artista valentziarrak<\/strong> egin du.<\/p>\n<p style=\"font-weight: 400;\">Egitaraua <strong>martxoaren 20an, ostirala<\/strong>, hasiko da <strong>Carlos Azagra eta Encarna Revuelta<\/strong> egileen <strong>\u201cHistoria del Punk\u201d<\/strong>komikiaren aurkezpenarekin. Lanak punk mugimenduaren historia kontatzen du <strong>Pedro Pico eta Pico Vena<\/strong> pertsonaia ezagunen bidez.<\/p>\n<p style=\"font-weight: 400;\"><strong>Martxoaren 21ean, larunbata<\/strong>, <strong>Taller J. Resano<\/strong> tailerrean egingo da <strong>\u201cCrea tu propia tira c\u00f3mica paso a paso\u201d<\/strong>izeneko tailerra. Egun berean ospatuko da <strong>Verm\u00fa Komiki<\/strong> ere; bertan, <strong>Javier Murillo \u201cMatxas\u201d ilustratzaile naturalistaren<\/strong> ibilbidea errepasatuko da eta <strong>Komikiaren Kondaira Saria<\/strong> emango da, komikiaren munduan ibilbide nabarmena egin duten sortzaileak aitortzeko.<\/p>\n<p style=\"font-weight: 400;\">Ondoren, hainbat argitalpen eta fanzineren aurkezpenak egingo dira:<\/p>\n<ul style=\"font-weight: 400;\">\n<li><strong>Martxoak 23, astelehena<\/strong> \u2013 <strong>Eraiki kolektiboaren (Elkarkide fundazioa) \u201cEl Crisol\u201d fanzinearen aurkezpena<\/strong>, Antsoaingo Liburutegian.<\/li>\n<li><strong>Martxoak 25, asteazkena<\/strong> \u2013 <strong>Pello Varelarekin \u201cMO, Memorias de una vaca\u201d komikiaren aurkezpena<\/strong>, TxokoGorrin.<\/li>\n<li><strong>Martxoak 26, osteguna<\/strong> \u2013 Gaztetxeko <strong>\u201cKorrika eta Komiki\u201d<\/strong> jarduera eta <strong>SETEMek antolatutako eta Belatzek emandako komiki-ikastaroaren fanzinearen aurkezpena<\/strong>, TxokoGorrin.<\/li>\n<\/ul>\n<p style=\"font-weight: 400;\">Jaialdiak <strong>martxoaren 27an, ostirala<\/strong>, jarraituko du <strong>El Polvor\u00edn Festa<\/strong> ekitaldiarekin, <strong>Teresa Castro eta Fanzinerosos<\/strong>partaide direla.<\/p>\n<p style=\"font-weight: 400;\">Egitaraua <strong>martxoaren 28an, larunbata<\/strong>, amaituko da <strong>Verm\u00fa Komiki<\/strong> saioarekin eta <strong>\u201cKomiki eta orain zer?\u201d<\/strong> mahai-inguruarekin. Bertan parte hartuko dute <strong>Kike Infamek, Mikel Bego\u00f1ak, Jon Spinarok eta Javier P\u00e9rez de Zabalzak<\/strong>. Arratsaldean, <strong>\u201cDecorado\u201d<\/strong> animazio filmaren emanaldia egingo da <strong>Antsoaingo antzokian<\/strong>.<\/p>\n<p style=\"font-weight: 400;\">Gainera, jaialdiak irauten duen bitartean <strong>KomikiBoom Pintxo Lehiaketa<\/strong> egingo da; Antsoaingo hainbat tabernak komikiaren unibertsoan inspiratutako pintxo bereziak eskainiko dituzte.<\/p>\n<p style=\"font-weight: 400;\">Jaialdia <strong>bi erakusketarekin<\/strong> osatuko da:<\/p>\n<ul style=\"font-weight: 400;\">\n<li><strong>Guillerm\u00ednen (La Caverna Serigraf\u00eda) \u201cPostales desde el Bar\u201d<\/strong>, TxokoGorrin.<\/li>\n<li><strong>Eraiki kolektiboaren \u201cEl Crisol\u201d<\/strong>, Antsoaingo Liburutegian.<\/li>\n<\/ul>\n<p style=\"font-weight: 400;\"><strong>Zazpi edizio<\/strong> egin ondoren, KomikiBoom <strong>komikia, fanzinea eta autoedizioa sormen, topaketa eta herri-kulturaren espazio gisa aldarrikatzen dituen kultur hitzordu garrantzitsu gisa<\/strong> sendotu da.<\/p>\n<p style=\"font-weight: 400;\"><strong>KOMIKIBOOM 2026 AGENDA<\/strong><\/p>\n<p style=\"font-weight: 400;\"><strong>Martxoak 20<\/strong><br \/>\n<em>Historia del Punk<\/em> komikiaren aurkezpena \u2013 Azagra eta Revuelta (TxokoGorri)<\/p>\n<p style=\"font-weight: 400;\"><strong>Martxoak 21<\/strong><br \/>\n<em>Crea tu propia tira c\u00f3mica paso a paso<\/em> tailerra \u2013 Taller J. Resano<br \/>\nVerm\u00fa Komiki Javier Murillo \u201cMatxas\u201dekin + Komikiaren Kondaira Saria (TxokoGorri)<\/p>\n<p style=\"font-weight: 400;\"><strong>Martxoak 23<\/strong><br \/>\n<em>El Crisol<\/em> fanzinearen aurkezpena (Eraiki \u2013 Elkarkide) \u2013 Antsoaingo Liburutegia<\/p>\n<p style=\"font-weight: 400;\"><strong>Martxoak 25<\/strong><br \/>\n<em>MO, Memorias de una vaca<\/em> komikiaren aurkezpena \u2013 Pello Varela (TxokoGorri)<\/p>\n<p style=\"font-weight: 400;\"><strong>Martxoak 26<\/strong><br \/>\n<em>Korrika eta Komiki<\/em> \u2013 Gaztetxea<br \/>\nSETEM ikastaroaren fanzinearen aurkezpena Belatzekin (TxokoGorri)<\/p>\n<p style=\"font-weight: 400;\"><strong>Martxoak 27<\/strong><br \/>\n<em>El Polvor\u00edn Festa<\/em> \u2013 Teresa Castro eta Fanzinerosos (TxokoGorri)<\/p>\n<p style=\"font-weight: 400;\"><strong>Martxoak 28<\/strong><br \/>\nVerm\u00fa Komiki eta <strong>\u201cKomiki eta orain zer?\u201d<\/strong> mahai-ingurua \u2013 Kike Infame, Mikel Bego\u00f1a, Jon Spinaro eta Javier P\u00e9rez de Zabalza (TxokoGorri)<br \/>\n<em>Decorado<\/em> animazio filmaren proiekzioa \u2013 Antsoaingo Antzokia<\/p>\n<p style=\"font-weight: 400;\"><strong>Martxoaren 20tik 28ra<\/strong><br \/>\nKomikiBoom Pintxo Lehiaketa Antsoaingo tabernetan<\/p>\n<p style=\"font-weight: 400;\"><strong>Erakusketak<\/strong><br \/>\nGuillerm\u00edn \u2013 <em>Postales desde el Bar<\/em> (TxokoGorri)<br \/>\nEraiki \u2013 <em>El Crisol<\/em> (Antsoaingo Liburutegia)<\/p>\n<p><a href=\"http:\/\/www.ansoain.es\/wp-content\/uploads\/2026\/03\/cartel-komikiBooM-2026-scaled.jpg\"><img loading=\"lazy\" decoding=\"async\" class=\"size-medium wp-image-43614 alignleft\" src=\"http:\/\/www.ansoain.es\/wp-content\/uploads\/2026\/03\/cartel-komikiBooM-2026-212x300.jpg\" alt=\"\" width=\"212\" height=\"300\" srcset=\"http:\/\/www.ansoain.es\/wp-content\/uploads\/2026\/03\/cartel-komikiBooM-2026-212x300.jpg 212w, http:\/\/www.ansoain.es\/wp-content\/uploads\/2026\/03\/cartel-komikiBooM-2026-723x1024.jpg 723w, http:\/\/www.ansoain.es\/wp-content\/uploads\/2026\/03\/cartel-komikiBooM-2026-768x1088.jpg 768w, http:\/\/www.ansoain.es\/wp-content\/uploads\/2026\/03\/cartel-komikiBooM-2026-1084x1536.jpg 1084w, http:\/\/www.ansoain.es\/wp-content\/uploads\/2026\/03\/cartel-komikiBooM-2026-1446x2048.jpg 1446w, http:\/\/www.ansoain.es\/wp-content\/uploads\/2026\/03\/cartel-komikiBooM-2026-300x425.jpg 300w, http:\/\/www.ansoain.es\/wp-content\/uploads\/2026\/03\/cartel-komikiBooM-2026-81x115.jpg 81w, http:\/\/www.ansoain.es\/wp-content\/uploads\/2026\/03\/cartel-komikiBooM-2026-scaled.jpg 1807w\" sizes=\"auto, (max-width: 212px) 100vw, 212px\" \/><\/a><\/p>\n","protected":false},"author":2,"featured_media":43612,"template":"","format":"standard","meta":{"_edit_last":["2"],"_edit_lock":["1773326578:2"],"_wpml_word_count":["639"],"_thumbnail_id":["43612"],"_exactmetrics_sitenote_active":["0"],"destacado":[""],"imagenslia":[""],"subti":[""],"barra":[""],"mostrar_barra":["1"],"_wpml_media_duplicate":["1"],"_wpml_media_featured":["1"],"_yoast_wpseo_primary_categorianoticias":["141"],"_yoast_wpseo_content_score":["30"],"_yoast_wpseo_estimated-reading-time-minutes":["3"]},"class_list":["post-43611","noticias","type-noticias","status-publish","format-standard","has-post-thumbnail","hentry","categorianoticias-actualidad-eu"],"yoast_head":"<!-- This site is optimized with the Yoast SEO plugin v24.9 - https:\/\/yoast.com\/wordpress\/plugins\/seo\/ -->\r\n<title>KomikiBoom: komikiaren, fanzinearen eta kultura grafikoaren astea - Antsoaingo Udala \/ Ayuntamiento de Anso\u00e1in<\/title>\r\n<meta name=\"robots\" content=\"index, follow, max-snippet:-1, max-image-preview:large, max-video-preview:-1\" \/>\r\n<link rel=\"canonical\" href=\"https:\/\/www.ansoain.es\/eu\/noticias\/komikiboom-komikiaren-fanzinearen-eta-kultura-grafikoaren-astea\/\" \/>\r\n<meta property=\"og:locale\" content=\"eu_ES\" \/>\r\n<meta property=\"og:type\" content=\"article\" \/>\r\n<meta property=\"og:title\" content=\"KomikiBoom: komikiaren, fanzinearen eta kultura grafikoaren astea - Antsoaingo Udala \/ Ayuntamiento de Anso\u00e1in\" \/>\r\n<meta property=\"og:description\" content=\"Antsoainen eginen da martxoaren 20tik 28ra KomikiBoom jaialdiaren zazpigarren edizioa. Jaialdiak berriro ere komikiaren, fanzinearen eta autoedizioaren munduko sortzaileak eta kolektiboak bilduko ditu, aurkezpenak, tailerrak, zinema-emanaldiak, egileekin topaketak eta jarduera gastronomikoak uztartzen dituen egitarauarekin, herriko hainbat gunetan. Aurtengo kartela Mar\u00eda Mart\u00ednez Nicol\u00e1s \u201cGalleta Maria\u201d artista valentziarrak egin du. Egitaraua martxoaren 20an, ostirala, hasiko da Carlos [&hellip;]\" \/>\r\n<meta property=\"og:url\" content=\"https:\/\/www.ansoain.es\/eu\/noticias\/komikiboom-komikiaren-fanzinearen-eta-kultura-grafikoaren-astea\/\" \/>\r\n<meta property=\"og:site_name\" content=\"Antsoaingo Udala \/ Ayuntamiento de Anso\u00e1in\" \/>\r\n<meta property=\"article:modified_time\" content=\"2026-03-12T14:44:16+00:00\" \/>\r\n<meta property=\"og:image\" content=\"https:\/\/www.ansoain.es\/wp-content\/uploads\/2026\/03\/komikiboom_2026-scaled-e1773326639307.jpg\" \/>\r\n\t<meta property=\"og:image:width\" content=\"2560\" \/>\r\n\t<meta property=\"og:image:height\" content=\"1360\" \/>\r\n\t<meta property=\"og:image:type\" content=\"image\/jpeg\" \/>\r\n<meta name=\"twitter:card\" content=\"summary_large_image\" \/>\r\n<meta name=\"twitter:label1\" content=\"Est. reading time\" \/>\n\t<meta name=\"twitter:data1\" content=\"3 minutes\" \/>\r\n<script type=\"application\/ld+json\" class=\"yoast-schema-graph\">{\"@context\":\"https:\/\/schema.org\",\"@graph\":[{\"@type\":\"WebPage\",\"@id\":\"https:\/\/www.ansoain.es\/eu\/noticias\/komikiboom-komikiaren-fanzinearen-eta-kultura-grafikoaren-astea\/\",\"url\":\"https:\/\/www.ansoain.es\/eu\/noticias\/komikiboom-komikiaren-fanzinearen-eta-kultura-grafikoaren-astea\/\",\"name\":\"KomikiBoom: komikiaren, fanzinearen eta kultura grafikoaren astea - Antsoaingo Udala \/ Ayuntamiento de Anso\u00e1in\",\"isPartOf\":{\"@id\":\"http:\/\/www.ansoain.es\/eu\/#website\"},\"primaryImageOfPage\":{\"@id\":\"https:\/\/www.ansoain.es\/eu\/noticias\/komikiboom-komikiaren-fanzinearen-eta-kultura-grafikoaren-astea\/#primaryimage\"},\"image\":{\"@id\":\"https:\/\/www.ansoain.es\/eu\/noticias\/komikiboom-komikiaren-fanzinearen-eta-kultura-grafikoaren-astea\/#primaryimage\"},\"thumbnailUrl\":\"http:\/\/www.ansoain.es\/wp-content\/uploads\/2026\/03\/komikiboom_2026-scaled-e1773326639307.jpg\",\"datePublished\":\"2026-03-12T14:34:34+00:00\",\"dateModified\":\"2026-03-12T14:44:16+00:00\",\"breadcrumb\":{\"@id\":\"https:\/\/www.ansoain.es\/eu\/noticias\/komikiboom-komikiaren-fanzinearen-eta-kultura-grafikoaren-astea\/#breadcrumb\"},\"inLanguage\":\"eu-ES\",\"potentialAction\":[{\"@type\":\"ReadAction\",\"target\":[\"https:\/\/www.ansoain.es\/eu\/noticias\/komikiboom-komikiaren-fanzinearen-eta-kultura-grafikoaren-astea\/\"]}]},{\"@type\":\"ImageObject\",\"inLanguage\":\"eu-ES\",\"@id\":\"https:\/\/www.ansoain.es\/eu\/noticias\/komikiboom-komikiaren-fanzinearen-eta-kultura-grafikoaren-astea\/#primaryimage\",\"url\":\"http:\/\/www.ansoain.es\/wp-content\/uploads\/2026\/03\/komikiboom_2026-scaled-e1773326639307.jpg\",\"contentUrl\":\"http:\/\/www.ansoain.es\/wp-content\/uploads\/2026\/03\/komikiboom_2026-scaled-e1773326639307.jpg\",\"width\":2560,\"height\":1360},{\"@type\":\"BreadcrumbList\",\"@id\":\"https:\/\/www.ansoain.es\/eu\/noticias\/komikiboom-komikiaren-fanzinearen-eta-kultura-grafikoaren-astea\/#breadcrumb\",\"itemListElement\":[{\"@type\":\"ListItem\",\"position\":1,\"name\":\"Portada\",\"item\":\"http:\/\/www.ansoain.es\/eu\/\"},{\"@type\":\"ListItem\",\"position\":2,\"name\":\"Albisteak\",\"item\":\"https:\/\/www.ansoain.es\/eu\/noticias\/\"},{\"@type\":\"ListItem\",\"position\":3,\"name\":\"KomikiBoom: komikiaren, fanzinearen eta kultura grafikoaren astea\"}]},{\"@type\":\"WebSite\",\"@id\":\"http:\/\/www.ansoain.es\/eu\/#website\",\"url\":\"http:\/\/www.ansoain.es\/eu\/\",\"name\":\"Antsoaingo Udala \/ Ayuntamiento de Anso\u00e1in\",\"description\":\"Sitio web del Antsoaingo Udala \/ Ayuntamiento de Anso\u00e1in\",\"potentialAction\":[{\"@type\":\"SearchAction\",\"target\":{\"@type\":\"EntryPoint\",\"urlTemplate\":\"http:\/\/www.ansoain.es\/eu\/?s={search_term_string}\"},\"query-input\":{\"@type\":\"PropertyValueSpecification\",\"valueRequired\":true,\"valueName\":\"search_term_string\"}}],\"inLanguage\":\"eu-ES\"}]}<\/script>\r\n<!-- \/ Yoast SEO plugin. -->","yoast_head_json":{"title":"KomikiBoom: komikiaren, fanzinearen eta kultura grafikoaren astea - Antsoaingo Udala \/ Ayuntamiento de Anso\u00e1in","robots":{"index":"index","follow":"follow","max-snippet":"max-snippet:-1","max-image-preview":"max-image-preview:large","max-video-preview":"max-video-preview:-1"},"canonical":"https:\/\/www.ansoain.es\/eu\/noticias\/komikiboom-komikiaren-fanzinearen-eta-kultura-grafikoaren-astea\/","og_locale":"eu_ES","og_type":"article","og_title":"KomikiBoom: komikiaren, fanzinearen eta kultura grafikoaren astea - Antsoaingo Udala \/ Ayuntamiento de Anso\u00e1in","og_description":"Antsoainen eginen da martxoaren 20tik 28ra KomikiBoom jaialdiaren zazpigarren edizioa. Jaialdiak berriro ere komikiaren, fanzinearen eta autoedizioaren munduko sortzaileak eta kolektiboak bilduko ditu, aurkezpenak, tailerrak, zinema-emanaldiak, egileekin topaketak eta jarduera gastronomikoak uztartzen dituen egitarauarekin, herriko hainbat gunetan. Aurtengo kartela Mar\u00eda Mart\u00ednez Nicol\u00e1s \u201cGalleta Maria\u201d artista valentziarrak egin du. Egitaraua martxoaren 20an, ostirala, hasiko da Carlos [&hellip;]","og_url":"https:\/\/www.ansoain.es\/eu\/noticias\/komikiboom-komikiaren-fanzinearen-eta-kultura-grafikoaren-astea\/","og_site_name":"Antsoaingo Udala \/ Ayuntamiento de Anso\u00e1in","article_modified_time":"2026-03-12T14:44:16+00:00","og_image":[{"width":2560,"height":1360,"url":"https:\/\/www.ansoain.es\/wp-content\/uploads\/2026\/03\/komikiboom_2026-scaled-e1773326639307.jpg","type":"image\/jpeg"}],"twitter_card":"summary_large_image","twitter_misc":{"Est. reading time":"3 minutes"},"schema":{"@context":"https:\/\/schema.org","@graph":[{"@type":"WebPage","@id":"https:\/\/www.ansoain.es\/eu\/noticias\/komikiboom-komikiaren-fanzinearen-eta-kultura-grafikoaren-astea\/","url":"https:\/\/www.ansoain.es\/eu\/noticias\/komikiboom-komikiaren-fanzinearen-eta-kultura-grafikoaren-astea\/","name":"KomikiBoom: komikiaren, fanzinearen eta kultura grafikoaren astea - Antsoaingo Udala \/ Ayuntamiento de Anso\u00e1in","isPartOf":{"@id":"http:\/\/www.ansoain.es\/eu\/#website"},"primaryImageOfPage":{"@id":"https:\/\/www.ansoain.es\/eu\/noticias\/komikiboom-komikiaren-fanzinearen-eta-kultura-grafikoaren-astea\/#primaryimage"},"image":{"@id":"https:\/\/www.ansoain.es\/eu\/noticias\/komikiboom-komikiaren-fanzinearen-eta-kultura-grafikoaren-astea\/#primaryimage"},"thumbnailUrl":"http:\/\/www.ansoain.es\/wp-content\/uploads\/2026\/03\/komikiboom_2026-scaled-e1773326639307.jpg","datePublished":"2026-03-12T14:34:34+00:00","dateModified":"2026-03-12T14:44:16+00:00","breadcrumb":{"@id":"https:\/\/www.ansoain.es\/eu\/noticias\/komikiboom-komikiaren-fanzinearen-eta-kultura-grafikoaren-astea\/#breadcrumb"},"inLanguage":"eu-ES","potentialAction":[{"@type":"ReadAction","target":["https:\/\/www.ansoain.es\/eu\/noticias\/komikiboom-komikiaren-fanzinearen-eta-kultura-grafikoaren-astea\/"]}]},{"@type":"ImageObject","inLanguage":"eu-ES","@id":"https:\/\/www.ansoain.es\/eu\/noticias\/komikiboom-komikiaren-fanzinearen-eta-kultura-grafikoaren-astea\/#primaryimage","url":"http:\/\/www.ansoain.es\/wp-content\/uploads\/2026\/03\/komikiboom_2026-scaled-e1773326639307.jpg","contentUrl":"http:\/\/www.ansoain.es\/wp-content\/uploads\/2026\/03\/komikiboom_2026-scaled-e1773326639307.jpg","width":2560,"height":1360},{"@type":"BreadcrumbList","@id":"https:\/\/www.ansoain.es\/eu\/noticias\/komikiboom-komikiaren-fanzinearen-eta-kultura-grafikoaren-astea\/#breadcrumb","itemListElement":[{"@type":"ListItem","position":1,"name":"Portada","item":"http:\/\/www.ansoain.es\/eu\/"},{"@type":"ListItem","position":2,"name":"Albisteak","item":"https:\/\/www.ansoain.es\/eu\/noticias\/"},{"@type":"ListItem","position":3,"name":"KomikiBoom: komikiaren, fanzinearen eta kultura grafikoaren astea"}]},{"@type":"WebSite","@id":"http:\/\/www.ansoain.es\/eu\/#website","url":"http:\/\/www.ansoain.es\/eu\/","name":"Antsoaingo Udala \/ Ayuntamiento de Anso\u00e1in","description":"Sitio web del Antsoaingo Udala \/ Ayuntamiento de Anso\u00e1in","potentialAction":[{"@type":"SearchAction","target":{"@type":"EntryPoint","urlTemplate":"http:\/\/www.ansoain.es\/eu\/?s={search_term_string}"},"query-input":{"@type":"PropertyValueSpecification","valueRequired":true,"valueName":"search_term_string"}}],"inLanguage":"eu-ES"}]}},"_links":{"self":[{"href":"http:\/\/www.ansoain.es\/eu\/wp-json\/wp\/v2\/noticias\/43611","targetHints":{"allow":["GET"]}}],"collection":[{"href":"http:\/\/www.ansoain.es\/eu\/wp-json\/wp\/v2\/noticias"}],"about":[{"href":"http:\/\/www.ansoain.es\/eu\/wp-json\/wp\/v2\/types\/noticias"}],"author":[{"embeddable":true,"href":"http:\/\/www.ansoain.es\/eu\/wp-json\/wp\/v2\/users\/2"}],"wp:featuredmedia":[{"embeddable":true,"href":"http:\/\/www.ansoain.es\/eu\/wp-json\/wp\/v2\/media\/43612"}],"wp:attachment":[{"href":"http:\/\/www.ansoain.es\/eu\/wp-json\/wp\/v2\/media?parent=43611"}],"curies":[{"name":"wp","href":"https:\/\/api.w.org\/{rel}","templated":true}]}}