{"id":44567,"date":"2026-09-04T11:35:23","date_gmt":"2026-09-04T09:35:23","guid":{"rendered":"https:\/\/www.ansoain.es\/?post_type=noticias&#038;p=44567"},"modified":"2026-09-04T11:36:15","modified_gmt":"2026-09-04T09:36:15","slug":"idaki-irisgarriagoa","status":"publish","type":"noticias","link":"http:\/\/www.ansoain.es\/eu\/noticias\/idaki-irisgarriagoa\/","title":{"rendered":"Idaki irisgarriagoa"},"content":{"rendered":"<p>Ander Quesada Ruizek eta Pedro Miguel Egui Agerrek kiroldegiko irisgarritasuna hobetzeko azken lanak bertatik bertara ezagutu zituzten atzo, alkatearekin eta Kirol arloko teknikariarekin batera. Anderrek, aurrekontu parte-hartzaileen bidez kiroldegiko harmailetara iristeko eskailera-igogailua eskatu zuenak, haren funtzionamendua ezagutzeko aukera izan zuen. Eskailera-igogailua ekainetik dago martxan, eta 26.233 euroko kostua izan du instalazioak.<\/p>\n<p>Anderrek azaldu duenez, \u00abnire aitonarengatik eta, hark bezala, partidak ikustera joateko zailtasunak dituzten pertsonengatik eskatu nuen eskailera-igogailua. Nire lehengusuek eta nik saskibaloian jokatzen dugu, eta familia guztia harmailetara igotzen zen bitartean, nire aitonak partidak behetik eta bakarrik ikusi behar izaten zituen. Orain oso pozik dago\u00bb.<\/p>\n<p>Ondoren, desgaitasuna duten pertsonentzat irisgarria den eremu hidrotermaleko aldagela berria bisitatu zuten. Jarduketa horri esker, emakumeentzako espazio bat eta gizonentzako beste bat daude. Lanak duela gutxi amaitu dira, eta 38.561 euroko aurrekontua izan dute.<\/p>\n<p>Pedrok adierazi duenez, \u00abbatez ere, independentzia eta askatasuna ematen dizkit. Lehen, aldagela bakarra zegoenez, emakumeren bat erabiltzen ari ote zen begiratu behar nuen, eta, hala bazen, itxaron. Gauza bera gertatzen zen ni barruan nengoenean: emakumeek ezin zuten une horretan erabili. Orain nahi dugunean etor gaitezke\u00bb.<\/p>\n<p>Marta D\u00edez Napal herriko alkateak nabarmendu duenez, \u00abbi inbertsioak oso garrantzitsuak dira Udalarentzat, kirola egiteko eta kirolaz gozatzeko aukera bermatzen baitiete instalazioen irisgarritasun desegokiaren ondorioz beti erraztasunik izan ez duten pertsonei. Kontuan hartu behar da kirola garapen pertsonalerako eta sozializaziorako tresna ahaltsua dela\u00bb.<\/p>\n<p>Gogoratu behar da Antsoaingo Udala hainbat jarduketa egiten ari dela maiatzetik irailera Idakiko kirol-instalazioetan, guztira 600.685,70 euroko aurrekontuarekin.<\/p>\n<p><a href=\"http:\/\/www.ansoain.es\/wp-content\/uploads\/2026\/09\/IMG_0889-scaled.jpg\"><img loading=\"lazy\" decoding=\"async\" class=\"aligncenter wp-image-44566 size-large\" src=\"http:\/\/www.ansoain.es\/wp-content\/uploads\/2026\/09\/IMG_0889-1024x768.jpg\" alt=\"\" width=\"1024\" height=\"768\" srcset=\"http:\/\/www.ansoain.es\/wp-content\/uploads\/2026\/09\/IMG_0889-1024x768.jpg 1024w, http:\/\/www.ansoain.es\/wp-content\/uploads\/2026\/09\/IMG_0889-300x225.jpg 300w, http:\/\/www.ansoain.es\/wp-content\/uploads\/2026\/09\/IMG_0889-768x576.jpg 768w, http:\/\/www.ansoain.es\/wp-content\/uploads\/2026\/09\/IMG_0889-1536x1152.jpg 1536w, http:\/\/www.ansoain.es\/wp-content\/uploads\/2026\/09\/IMG_0889-2048x1536.jpg 2048w, http:\/\/www.ansoain.es\/wp-content\/uploads\/2026\/09\/IMG_0889-153x115.jpg 153w\" sizes=\"auto, (max-width: 1024px) 100vw, 1024px\" \/><\/a><\/p>\n","protected":false},"author":2,"featured_media":44564,"template":"","format":"standard","meta":{"_edit_lock":["1788514450:2"],"_edit_last":["2"],"barra":[""],"imagenslia":[""],"subti":[""],"_wpml_word_count":["339"],"destacado":[""],"mostrar_barra":["1"],"_wpml_media_duplicate":["1"],"_wpml_media_featured":["1"],"_thumbnail_id":["44564"],"_yoast_wpseo_primary_categorianoticias":[""],"_yoast_wpseo_content_score":["90"],"_yoast_wpseo_estimated-reading-time-minutes":["2"]},"class_list":["post-44567","noticias","type-noticias","status-publish","format-standard","has-post-thumbnail","hentry","categorianoticias-actualidad-eu"],"yoast_head":"<!-- This site is optimized with the Yoast SEO plugin v28.1 - https:\/\/yoast.com\/product\/yoast-seo-wordpress\/ -->\r\n<title>Idaki irisgarriagoa - Antsoaingo Udala \/ Ayuntamiento de Anso\u00e1in<\/title>\r\n<meta name=\"robots\" content=\"index, follow, max-snippet:-1, max-image-preview:large, max-video-preview:-1\" \/>\r\n<link rel=\"canonical\" href=\"https:\/\/www.ansoain.es\/eu\/noticias\/idaki-irisgarriagoa\/\" \/>\r\n<meta property=\"og:locale\" content=\"eu_ES\" \/>\r\n<meta property=\"og:type\" content=\"article\" \/>\r\n<meta property=\"og:title\" content=\"Idaki irisgarriagoa - Antsoaingo Udala \/ Ayuntamiento de Anso\u00e1in\" \/>\r\n<meta property=\"og:description\" content=\"Ander Quesada Ruizek eta Pedro Miguel Egui Agerrek kiroldegiko irisgarritasuna hobetzeko azken lanak bertatik bertara ezagutu zituzten atzo, alkatearekin eta Kirol arloko teknikariarekin batera. Anderrek, aurrekontu parte-hartzaileen bidez kiroldegiko harmailetara iristeko eskailera-igogailua eskatu zuenak, haren funtzionamendua ezagutzeko aukera izan zuen. Eskailera-igogailua ekainetik dago martxan, eta 26.233 euroko kostua izan du instalazioak. Anderrek azaldu duenez, \u00abnire [&hellip;]\" \/>\r\n<meta property=\"og:url\" content=\"https:\/\/www.ansoain.es\/eu\/noticias\/idaki-irisgarriagoa\/\" \/>\r\n<meta property=\"og:site_name\" content=\"Antsoaingo Udala \/ Ayuntamiento de Anso\u00e1in\" \/>\r\n<meta property=\"article:modified_time\" content=\"2026-09-04T09:36:15+00:00\" \/>\r\n<meta property=\"og:image\" content=\"http:\/\/www.ansoain.es\/wp-content\/uploads\/2026\/09\/IMG_0895-scaled.jpg\" \/>\r\n\t<meta property=\"og:image:width\" content=\"2560\" \/>\r\n\t<meta property=\"og:image:height\" content=\"1920\" \/>\r\n\t<meta property=\"og:image:type\" content=\"image\/jpeg\" \/>\r\n<meta name=\"twitter:card\" content=\"summary_large_image\" \/>\r\n<meta name=\"twitter:label1\" content=\"Est. reading time\" \/>\n\t<meta name=\"twitter:data1\" content=\"2 minutes\" \/>\r\n<script type=\"application\/ld+json\" class=\"yoast-schema-graph\">{\"@context\":\"https:\\\/\\\/schema.org\",\"@graph\":[{\"@type\":\"WebPage\",\"@id\":\"https:\\\/\\\/www.ansoain.es\\\/eu\\\/noticias\\\/idaki-irisgarriagoa\\\/\",\"url\":\"https:\\\/\\\/www.ansoain.es\\\/eu\\\/noticias\\\/idaki-irisgarriagoa\\\/\",\"name\":\"Idaki irisgarriagoa - Antsoaingo Udala \\\/ Ayuntamiento de Anso\u00e1in\",\"isPartOf\":{\"@id\":\"https:\\\/\\\/www.ansoain.es\\\/#website\"},\"primaryImageOfPage\":{\"@id\":\"https:\\\/\\\/www.ansoain.es\\\/eu\\\/noticias\\\/idaki-irisgarriagoa\\\/#primaryimage\"},\"image\":{\"@id\":\"https:\\\/\\\/www.ansoain.es\\\/eu\\\/noticias\\\/idaki-irisgarriagoa\\\/#primaryimage\"},\"thumbnailUrl\":\"http:\\\/\\\/www.ansoain.es\\\/wp-content\\\/uploads\\\/2026\\\/09\\\/IMG_0895-scaled.jpg\",\"datePublished\":\"2026-09-04T09:35:23+00:00\",\"dateModified\":\"2026-09-04T09:36:15+00:00\",\"breadcrumb\":{\"@id\":\"https:\\\/\\\/www.ansoain.es\\\/eu\\\/noticias\\\/idaki-irisgarriagoa\\\/#breadcrumb\"},\"inLanguage\":\"eu-ES\",\"potentialAction\":[{\"@type\":\"ReadAction\",\"target\":[\"https:\\\/\\\/www.ansoain.es\\\/eu\\\/noticias\\\/idaki-irisgarriagoa\\\/\"]}]},{\"@type\":\"ImageObject\",\"inLanguage\":\"eu-ES\",\"@id\":\"https:\\\/\\\/www.ansoain.es\\\/eu\\\/noticias\\\/idaki-irisgarriagoa\\\/#primaryimage\",\"url\":\"http:\\\/\\\/www.ansoain.es\\\/wp-content\\\/uploads\\\/2026\\\/09\\\/IMG_0895-scaled.jpg\",\"contentUrl\":\"http:\\\/\\\/www.ansoain.es\\\/wp-content\\\/uploads\\\/2026\\\/09\\\/IMG_0895-scaled.jpg\",\"width\":2560,\"height\":1920,\"caption\":\"En la imagen se ve a Alfredo, t\u00e9cnico de deportes, a los pies de la escalera del Hall explicando a Ander el funcionamiento de la plataforma elevadora. Marta, la alcaldesa, est\u00e1 presente tambi\u00e9n. La plataforma est\u00e1 colocada para iniciar el ascenso\"},{\"@type\":\"BreadcrumbList\",\"@id\":\"https:\\\/\\\/www.ansoain.es\\\/eu\\\/noticias\\\/idaki-irisgarriagoa\\\/#breadcrumb\",\"itemListElement\":[{\"@type\":\"ListItem\",\"position\":1,\"name\":\"Portada\",\"item\":\"https:\\\/\\\/www.ansoain.es\\\/\"},{\"@type\":\"ListItem\",\"position\":2,\"name\":\"Noticias\",\"item\":\"https:\\\/\\\/www.ansoain.es\\\/noticias\\\/\"},{\"@type\":\"ListItem\",\"position\":3,\"name\":\"Idaki irisgarriagoa\"}]},{\"@type\":\"WebSite\",\"@id\":\"https:\\\/\\\/www.ansoain.es\\\/#website\",\"url\":\"https:\\\/\\\/www.ansoain.es\\\/\",\"name\":\"Antsoaingo Udala \\\/ Ayuntamiento de Anso\u00e1in\",\"description\":\"Sitio web del Antsoaingo Udala \\\/ Ayuntamiento de Anso\u00e1in\",\"potentialAction\":[{\"@type\":\"SearchAction\",\"target\":{\"@type\":\"EntryPoint\",\"urlTemplate\":\"https:\\\/\\\/www.ansoain.es\\\/?s={search_term_string}\"},\"query-input\":{\"@type\":\"PropertyValueSpecification\",\"valueRequired\":true,\"valueName\":\"search_term_string\"}}],\"inLanguage\":\"eu-ES\"}]}<\/script>\r\n<!-- \/ Yoast SEO plugin. -->","yoast_head_json":{"title":"Idaki irisgarriagoa - Antsoaingo Udala \/ Ayuntamiento de Anso\u00e1in","robots":{"index":"index","follow":"follow","max-snippet":"max-snippet:-1","max-image-preview":"max-image-preview:large","max-video-preview":"max-video-preview:-1"},"canonical":"https:\/\/www.ansoain.es\/eu\/noticias\/idaki-irisgarriagoa\/","og_locale":"eu_ES","og_type":"article","og_title":"Idaki irisgarriagoa - Antsoaingo Udala \/ Ayuntamiento de Anso\u00e1in","og_description":"Ander Quesada Ruizek eta Pedro Miguel Egui Agerrek kiroldegiko irisgarritasuna hobetzeko azken lanak bertatik bertara ezagutu zituzten atzo, alkatearekin eta Kirol arloko teknikariarekin batera. Anderrek, aurrekontu parte-hartzaileen bidez kiroldegiko harmailetara iristeko eskailera-igogailua eskatu zuenak, haren funtzionamendua ezagutzeko aukera izan zuen. Eskailera-igogailua ekainetik dago martxan, eta 26.233 euroko kostua izan du instalazioak. Anderrek azaldu duenez, \u00abnire [&hellip;]","og_url":"https:\/\/www.ansoain.es\/eu\/noticias\/idaki-irisgarriagoa\/","og_site_name":"Antsoaingo Udala \/ Ayuntamiento de Anso\u00e1in","article_modified_time":"2026-09-04T09:36:15+00:00","og_image":[{"width":2560,"height":1920,"url":"http:\/\/www.ansoain.es\/wp-content\/uploads\/2026\/09\/IMG_0895-scaled.jpg","type":"image\/jpeg"}],"twitter_card":"summary_large_image","twitter_misc":{"Est. reading time":"2 minutes"},"schema":{"@context":"https:\/\/schema.org","@graph":[{"@type":"WebPage","@id":"https:\/\/www.ansoain.es\/eu\/noticias\/idaki-irisgarriagoa\/","url":"https:\/\/www.ansoain.es\/eu\/noticias\/idaki-irisgarriagoa\/","name":"Idaki irisgarriagoa - Antsoaingo Udala \/ Ayuntamiento de Anso\u00e1in","isPartOf":{"@id":"https:\/\/www.ansoain.es\/#website"},"primaryImageOfPage":{"@id":"https:\/\/www.ansoain.es\/eu\/noticias\/idaki-irisgarriagoa\/#primaryimage"},"image":{"@id":"https:\/\/www.ansoain.es\/eu\/noticias\/idaki-irisgarriagoa\/#primaryimage"},"thumbnailUrl":"http:\/\/www.ansoain.es\/wp-content\/uploads\/2026\/09\/IMG_0895-scaled.jpg","datePublished":"2026-09-04T09:35:23+00:00","dateModified":"2026-09-04T09:36:15+00:00","breadcrumb":{"@id":"https:\/\/www.ansoain.es\/eu\/noticias\/idaki-irisgarriagoa\/#breadcrumb"},"inLanguage":"eu-ES","potentialAction":[{"@type":"ReadAction","target":["https:\/\/www.ansoain.es\/eu\/noticias\/idaki-irisgarriagoa\/"]}]},{"@type":"ImageObject","inLanguage":"eu-ES","@id":"https:\/\/www.ansoain.es\/eu\/noticias\/idaki-irisgarriagoa\/#primaryimage","url":"http:\/\/www.ansoain.es\/wp-content\/uploads\/2026\/09\/IMG_0895-scaled.jpg","contentUrl":"http:\/\/www.ansoain.es\/wp-content\/uploads\/2026\/09\/IMG_0895-scaled.jpg","width":2560,"height":1920,"caption":"En la imagen se ve a Alfredo, t\u00e9cnico de deportes, a los pies de la escalera del Hall explicando a Ander el funcionamiento de la plataforma elevadora. Marta, la alcaldesa, est\u00e1 presente tambi\u00e9n. La plataforma est\u00e1 colocada para iniciar el ascenso"},{"@type":"BreadcrumbList","@id":"https:\/\/www.ansoain.es\/eu\/noticias\/idaki-irisgarriagoa\/#breadcrumb","itemListElement":[{"@type":"ListItem","position":1,"name":"Portada","item":"https:\/\/www.ansoain.es\/"},{"@type":"ListItem","position":2,"name":"Noticias","item":"https:\/\/www.ansoain.es\/noticias\/"},{"@type":"ListItem","position":3,"name":"Idaki irisgarriagoa"}]},{"@type":"WebSite","@id":"https:\/\/www.ansoain.es\/#website","url":"https:\/\/www.ansoain.es\/","name":"Antsoaingo Udala \/ Ayuntamiento de Anso\u00e1in","description":"Sitio web del Antsoaingo Udala \/ Ayuntamiento de Anso\u00e1in","potentialAction":[{"@type":"SearchAction","target":{"@type":"EntryPoint","urlTemplate":"https:\/\/www.ansoain.es\/?s={search_term_string}"},"query-input":{"@type":"PropertyValueSpecification","valueRequired":true,"valueName":"search_term_string"}}],"inLanguage":"eu-ES"}]}},"_links":{"self":[{"href":"http:\/\/www.ansoain.es\/eu\/wp-json\/wp\/v2\/noticias\/44567","targetHints":{"allow":["GET"]}}],"collection":[{"href":"http:\/\/www.ansoain.es\/eu\/wp-json\/wp\/v2\/noticias"}],"about":[{"href":"http:\/\/www.ansoain.es\/eu\/wp-json\/wp\/v2\/types\/noticias"}],"author":[{"embeddable":true,"href":"http:\/\/www.ansoain.es\/eu\/wp-json\/wp\/v2\/users\/2"}],"wp:featuredmedia":[{"embeddable":true,"href":"http:\/\/www.ansoain.es\/eu\/wp-json\/wp\/v2\/media\/44564"}],"wp:attachment":[{"href":"http:\/\/www.ansoain.es\/eu\/wp-json\/wp\/v2\/media?parent=44567"}],"curies":[{"name":"wp","href":"https:\/\/api.w.org\/{rel}","templated":true}]}}